{"id":1159,"date":"2022-10-03T22:14:46","date_gmt":"2022-10-03T20:14:46","guid":{"rendered":"http:\/\/blog.grainesdelin.com\/?p=1159"},"modified":"2022-11-15T14:36:45","modified_gmt":"2022-11-15T13:36:45","slug":"cake-a-la-chataigne-et-aux-poires","status":"publish","type":"post","link":"https:\/\/blog.grainesdelin.com\/index.php\/2022\/10\/03\/cake-a-la-chataigne-et-aux-poires\/","title":{"rendered":"Cake \u00e0 la chata\u00eegne et aux poires"},"content":{"rendered":"\n<p>Parfait g\u00e2teau pour l&rsquo;automne ! Vous y trouverez le bon g\u00f4ut de la chata\u00eegne et des poires enti\u00e8res. Succ\u00e8s garanti ! <\/p>\n\n\n\n<p>Co\u00fbt :&nbsp;<img decoding=\"async\" alt=\"Cout\" src=\"http:\/\/pommedamour.e-monsite.com\/medias\/images\/cout.png?fx=r_20_20\">&nbsp;<\/p>\n\n\n\n<p>Difficult\u00e9 :&nbsp;&nbsp;<img decoding=\"async\" src=\"http:\/\/pommedamour.e-monsite.com\/medias\/images\/toques-1.png?fx=r_20_20\" alt=\"Toques 1\">&nbsp;&nbsp; &nbsp; &nbsp;<\/p>\n\n\n\n<p>Temps de pr\u00e9paration (cuisson et refroidissement compris) : 2h<\/p>\n\n\n\n<h2 class=\"wp-block-heading\">Ingr\u00e9dients<\/h2>\n\n\n\n<p>Recette pour un cake 6\/8 personnes<\/p>\n\n\n\n<p><\/p>\n\n\n\n<ul class=\"wp-block-list\">\n<li>3 poires petits format<\/li>\n\n\n\n<li>2 \u0153ufs<\/li>\n\n\n\n<li>60 g de sucre<\/li>\n\n\n\n<li>100 g de farine<\/li>\n\n\n\n<li>100 g de beurre pommade<\/li>\n\n\n\n<li>150 g de cr\u00e8me de marron<\/li>\n\n\n\n<li>1cc de levure chimique<\/li>\n\n\n\n<li>1 cc de bicarbonate<\/li>\n\n\n\n<li>1 pinc\u00e9e de sel<\/li>\n<\/ul>\n\n\n\n<h2 class=\"wp-block-heading\">Recette<\/h2>\n\n\n\n<p>Pr\u00e9chauffez votre four \u00e0 180\u00b0C.<\/p>\n\n\n\n<p>Fouettez les \u0153ufs, le sucre et 1 pinc\u00e9e de sel. M\u00e9langez le tout puis ajoutez la cr\u00e8me de marrons.<\/p>\n\n\n\n<p>Ajoutez la farine, le bicarbonate et la levure. Lorsque le m\u00e9lange est homog\u00e8ne, ajoutez le beurre fondu progressivement.<\/p>\n\n\n\n<p>Versez dans un moule \u00e0 g\u00e2teau pr\u00e9alablement beurr\u00e9.<\/p>\n\n\n\n<p>Enfoncez les poires enti\u00e8res et non \u00e9pluch\u00e9es dans la p\u00e2te \u00e0 g\u00e2teau<\/p>\n\n\n\n<p>Enfournez pendant 40 minutes.<\/p>\n","protected":false},"excerpt":{"rendered":"<p>Parfait g\u00e2teau pour l&rsquo;automne ! Vous y trouverez le bon g\u00f4ut de la chata\u00eegne et des poires enti\u00e8res. Succ\u00e8s garanti ! Co\u00fbt :&nbsp;&nbsp; Difficult\u00e9 :&nbsp;&nbsp;&nbsp;&nbsp; &nbsp; &nbsp; Temps de pr\u00e9paration (cuisson et refroidissement compris) : &hellip; <\/p>\n","protected":false},"author":1,"featured_media":1160,"comment_status":"closed","ping_status":"closed","sticky":false,"template":"","format":"standard","meta":{"footnotes":""},"categories":[18,32],"tags":[],"class_list":["post-1159","post","type-post","status-publish","format-standard","has-post-thumbnail","hentry","category-cake","category-diaporama"],"_links":{"self":[{"href":"https:\/\/blog.grainesdelin.com\/index.php\/wp-json\/wp\/v2\/posts\/1159","targetHints":{"allow":["GET"]}}],"collection":[{"href":"https:\/\/blog.grainesdelin.com\/index.php\/wp-json\/wp\/v2\/posts"}],"about":[{"href":"https:\/\/blog.grainesdelin.com\/index.php\/wp-json\/wp\/v2\/types\/post"}],"author":[{"embeddable":true,"href":"https:\/\/blog.grainesdelin.com\/index.php\/wp-json\/wp\/v2\/users\/1"}],"replies":[{"embeddable":true,"href":"https:\/\/blog.grainesdelin.com\/index.php\/wp-json\/wp\/v2\/comments?post=1159"}],"version-history":[{"count":5,"href":"https:\/\/blog.grainesdelin.com\/index.php\/wp-json\/wp\/v2\/posts\/1159\/revisions"}],"predecessor-version":[{"id":1338,"href":"https:\/\/blog.grainesdelin.com\/index.php\/wp-json\/wp\/v2\/posts\/1159\/revisions\/1338"}],"wp:featuredmedia":[{"embeddable":true,"href":"https:\/\/blog.grainesdelin.com\/index.php\/wp-json\/wp\/v2\/media\/1160"}],"wp:attachment":[{"href":"https:\/\/blog.grainesdelin.com\/index.php\/wp-json\/wp\/v2\/media?parent=1159"}],"wp:term":[{"taxonomy":"category","embeddable":true,"href":"https:\/\/blog.grainesdelin.com\/index.php\/wp-json\/wp\/v2\/categories?post=1159"},{"taxonomy":"post_tag","embeddable":true,"href":"https:\/\/blog.grainesdelin.com\/index.php\/wp-json\/wp\/v2\/tags?post=1159"}],"curies":[{"name":"wp","href":"https:\/\/api.w.org\/{rel}","templated":true}]}}