{"id":1628,"date":"2023-05-26T19:50:54","date_gmt":"2023-05-26T17:50:54","guid":{"rendered":"http:\/\/blog.grainesdelin.com\/?p=1628"},"modified":"2023-05-26T19:50:55","modified_gmt":"2023-05-26T17:50:55","slug":"le-centre-social-haut-en-couleur","status":"publish","type":"post","link":"https:\/\/blog.grainesdelin.com\/index.php\/2023\/05\/26\/le-centre-social-haut-en-couleur\/","title":{"rendered":"Le centre social haut en couleur !"},"content":{"rendered":"\n<p>Pendant les vacances de P\u00e2ques, le groupe des 3-6 ans du centre social travaillait sur les couleurs. Ce sont donc des cupcakes Arc en ciel que nous avons pr\u00e9par\u00e9s ! <\/p>\n\n\n\n<div class=\"wp-block-columns is-layout-flex wp-container-core-columns-is-layout-9d6595d7 wp-block-columns-is-layout-flex\">\n<div class=\"wp-block-column is-layout-flow wp-block-column-is-layout-flow\">\n<figure class=\"wp-block-image size-large\"><img loading=\"lazy\" decoding=\"async\" width=\"768\" height=\"1024\" src=\"http:\/\/blog.grainesdelin.com\/wp-content\/uploads\/2023\/05\/IMG_20230414_115839-768x1024.jpg\" alt=\"\" class=\"wp-image-1630\" srcset=\"https:\/\/blog.grainesdelin.com\/wp-content\/uploads\/2023\/05\/IMG_20230414_115839-768x1024.jpg 768w, https:\/\/blog.grainesdelin.com\/wp-content\/uploads\/2023\/05\/IMG_20230414_115839-225x300.jpg 225w, https:\/\/blog.grainesdelin.com\/wp-content\/uploads\/2023\/05\/IMG_20230414_115839-1152x1536.jpg 1152w, https:\/\/blog.grainesdelin.com\/wp-content\/uploads\/2023\/05\/IMG_20230414_115839-1536x2048.jpg 1536w, https:\/\/blog.grainesdelin.com\/wp-content\/uploads\/2023\/05\/IMG_20230414_115839-45x60.jpg 45w, https:\/\/blog.grainesdelin.com\/wp-content\/uploads\/2023\/05\/IMG_20230414_115839-scaled.jpg 1920w\" sizes=\"auto, (max-width: 768px) 100vw, 768px\" \/><\/figure>\n<\/div>\n\n\n\n<div class=\"wp-block-column is-layout-flow wp-block-column-is-layout-flow\">\n<figure class=\"wp-block-image size-large\"><img loading=\"lazy\" decoding=\"async\" width=\"1024\" height=\"768\" src=\"http:\/\/blog.grainesdelin.com\/wp-content\/uploads\/2023\/05\/Photo-de-Melanie-1024x768.jpg\" alt=\"\" class=\"wp-image-1631\" srcset=\"https:\/\/blog.grainesdelin.com\/wp-content\/uploads\/2023\/05\/Photo-de-Melanie-1024x768.jpg 1024w, https:\/\/blog.grainesdelin.com\/wp-content\/uploads\/2023\/05\/Photo-de-Melanie-300x225.jpg 300w, https:\/\/blog.grainesdelin.com\/wp-content\/uploads\/2023\/05\/Photo-de-Melanie-768x576.jpg 768w, https:\/\/blog.grainesdelin.com\/wp-content\/uploads\/2023\/05\/Photo-de-Melanie-1536x1152.jpg 1536w, https:\/\/blog.grainesdelin.com\/wp-content\/uploads\/2023\/05\/Photo-de-Melanie-80x60.jpg 80w, https:\/\/blog.grainesdelin.com\/wp-content\/uploads\/2023\/05\/Photo-de-Melanie.jpg 1600w\" sizes=\"auto, (max-width: 1024px) 100vw, 1024px\" \/><\/figure>\n<\/div>\n<\/div>\n\n\n\n<p>Nous avons commenc\u00e9 par pr\u00e9parer la p\u00e2te \u00e0 cupcakes que nous avons s\u00e9par\u00e9 en 5 couleurs pour faire une p\u00e2te aux couleurs de l&rsquo;arc en ciel : <\/p>\n\n\n\n<div class=\"wp-block-columns is-layout-flex wp-container-core-columns-is-layout-9d6595d7 wp-block-columns-is-layout-flex\">\n<div class=\"wp-block-column is-layout-flow wp-block-column-is-layout-flow\">\n<figure class=\"wp-block-image size-large\"><img loading=\"lazy\" decoding=\"async\" width=\"768\" height=\"1024\" src=\"http:\/\/blog.grainesdelin.com\/wp-content\/uploads\/2023\/05\/Photo-de-Melanie2-1-768x1024.jpg\" alt=\"\" class=\"wp-image-1632\" srcset=\"https:\/\/blog.grainesdelin.com\/wp-content\/uploads\/2023\/05\/Photo-de-Melanie2-1-768x1024.jpg 768w, https:\/\/blog.grainesdelin.com\/wp-content\/uploads\/2023\/05\/Photo-de-Melanie2-1-225x300.jpg 225w, https:\/\/blog.grainesdelin.com\/wp-content\/uploads\/2023\/05\/Photo-de-Melanie2-1-1152x1536.jpg 1152w, https:\/\/blog.grainesdelin.com\/wp-content\/uploads\/2023\/05\/Photo-de-Melanie2-1-45x60.jpg 45w, https:\/\/blog.grainesdelin.com\/wp-content\/uploads\/2023\/05\/Photo-de-Melanie2-1.jpg 1200w\" sizes=\"auto, (max-width: 768px) 100vw, 768px\" \/><\/figure>\n<\/div>\n\n\n\n<div class=\"wp-block-column is-layout-flow wp-block-column-is-layout-flow\">\n<figure class=\"wp-block-image size-large\"><img loading=\"lazy\" decoding=\"async\" width=\"768\" height=\"1024\" src=\"http:\/\/blog.grainesdelin.com\/wp-content\/uploads\/2023\/05\/IMG_20230414_111651-768x1024.jpg\" alt=\"\" class=\"wp-image-1633\" srcset=\"https:\/\/blog.grainesdelin.com\/wp-content\/uploads\/2023\/05\/IMG_20230414_111651-768x1024.jpg 768w, https:\/\/blog.grainesdelin.com\/wp-content\/uploads\/2023\/05\/IMG_20230414_111651-225x300.jpg 225w, https:\/\/blog.grainesdelin.com\/wp-content\/uploads\/2023\/05\/IMG_20230414_111651-1152x1536.jpg 1152w, https:\/\/blog.grainesdelin.com\/wp-content\/uploads\/2023\/05\/IMG_20230414_111651-1536x2048.jpg 1536w, https:\/\/blog.grainesdelin.com\/wp-content\/uploads\/2023\/05\/IMG_20230414_111651-45x60.jpg 45w, https:\/\/blog.grainesdelin.com\/wp-content\/uploads\/2023\/05\/IMG_20230414_111651-scaled.jpg 1920w\" sizes=\"auto, (max-width: 768px) 100vw, 768px\" \/><\/figure>\n<\/div>\n<\/div>\n\n\n\n<p>Nous avons ensuite pr\u00e9par\u00e9 la gla\u00e7age au mascarpone \u00e0 la vanille<\/p>\n\n\n\n<div class=\"wp-block-columns is-layout-flex wp-container-core-columns-is-layout-9d6595d7 wp-block-columns-is-layout-flex\">\n<div class=\"wp-block-column is-layout-flow wp-block-column-is-layout-flow\">\n<figure class=\"wp-block-image size-large\"><img loading=\"lazy\" decoding=\"async\" width=\"768\" height=\"1024\" src=\"http:\/\/blog.grainesdelin.com\/wp-content\/uploads\/2023\/05\/Photo-de-Melanie4-768x1024.jpg\" alt=\"\" class=\"wp-image-1639\" srcset=\"https:\/\/blog.grainesdelin.com\/wp-content\/uploads\/2023\/05\/Photo-de-Melanie4-768x1024.jpg 768w, https:\/\/blog.grainesdelin.com\/wp-content\/uploads\/2023\/05\/Photo-de-Melanie4-225x300.jpg 225w, https:\/\/blog.grainesdelin.com\/wp-content\/uploads\/2023\/05\/Photo-de-Melanie4-1152x1536.jpg 1152w, https:\/\/blog.grainesdelin.com\/wp-content\/uploads\/2023\/05\/Photo-de-Melanie4-45x60.jpg 45w, https:\/\/blog.grainesdelin.com\/wp-content\/uploads\/2023\/05\/Photo-de-Melanie4.jpg 1200w\" sizes=\"auto, (max-width: 768px) 100vw, 768px\" \/><\/figure>\n<\/div>\n\n\n\n<div class=\"wp-block-column is-layout-flow wp-block-column-is-layout-flow\">\n<figure class=\"wp-block-image size-large\"><img loading=\"lazy\" decoding=\"async\" width=\"714\" height=\"1024\" src=\"http:\/\/blog.grainesdelin.com\/wp-content\/uploads\/2023\/05\/original_0314646d-6265-462c-9b91-6d4559dbbf8a_IMG_20230414_113830-714x1024.jpg\" alt=\"\" class=\"wp-image-1635\" srcset=\"https:\/\/blog.grainesdelin.com\/wp-content\/uploads\/2023\/05\/original_0314646d-6265-462c-9b91-6d4559dbbf8a_IMG_20230414_113830-714x1024.jpg 714w, https:\/\/blog.grainesdelin.com\/wp-content\/uploads\/2023\/05\/original_0314646d-6265-462c-9b91-6d4559dbbf8a_IMG_20230414_113830-209x300.jpg 209w, https:\/\/blog.grainesdelin.com\/wp-content\/uploads\/2023\/05\/original_0314646d-6265-462c-9b91-6d4559dbbf8a_IMG_20230414_113830-768x1102.jpg 768w, https:\/\/blog.grainesdelin.com\/wp-content\/uploads\/2023\/05\/original_0314646d-6265-462c-9b91-6d4559dbbf8a_IMG_20230414_113830-1071x1536.jpg 1071w, https:\/\/blog.grainesdelin.com\/wp-content\/uploads\/2023\/05\/original_0314646d-6265-462c-9b91-6d4559dbbf8a_IMG_20230414_113830-1428x2048.jpg 1428w, https:\/\/blog.grainesdelin.com\/wp-content\/uploads\/2023\/05\/original_0314646d-6265-462c-9b91-6d4559dbbf8a_IMG_20230414_113830-42x60.jpg 42w, https:\/\/blog.grainesdelin.com\/wp-content\/uploads\/2023\/05\/original_0314646d-6265-462c-9b91-6d4559dbbf8a_IMG_20230414_113830-scaled.jpg 1785w\" sizes=\"auto, (max-width: 714px) 100vw, 714px\" \/><\/figure>\n<\/div>\n<\/div>\n\n\n\n<p>La partie pr\u00e9f\u00e9r\u00e9e des enfants, et la mienne, c&rsquo;est la d\u00e9coration ! En avant les arcs en ciel en p\u00e2te \u00e0 sucre, les paillettes et les pastilles de couleur ! <\/p>\n\n\n\n<div class=\"wp-block-columns is-layout-flex wp-container-core-columns-is-layout-9d6595d7 wp-block-columns-is-layout-flex\">\n<div class=\"wp-block-column is-layout-flow wp-block-column-is-layout-flow\">\n<figure class=\"wp-block-image size-large\"><img loading=\"lazy\" decoding=\"async\" width=\"768\" height=\"1024\" src=\"http:\/\/blog.grainesdelin.com\/wp-content\/uploads\/2023\/05\/IMG_20230414_114308-1-768x1024.jpg\" alt=\"\" class=\"wp-image-1637\" srcset=\"https:\/\/blog.grainesdelin.com\/wp-content\/uploads\/2023\/05\/IMG_20230414_114308-1-768x1024.jpg 768w, https:\/\/blog.grainesdelin.com\/wp-content\/uploads\/2023\/05\/IMG_20230414_114308-1-225x300.jpg 225w, https:\/\/blog.grainesdelin.com\/wp-content\/uploads\/2023\/05\/IMG_20230414_114308-1-1152x1536.jpg 1152w, https:\/\/blog.grainesdelin.com\/wp-content\/uploads\/2023\/05\/IMG_20230414_114308-1-1536x2048.jpg 1536w, https:\/\/blog.grainesdelin.com\/wp-content\/uploads\/2023\/05\/IMG_20230414_114308-1-45x60.jpg 45w, https:\/\/blog.grainesdelin.com\/wp-content\/uploads\/2023\/05\/IMG_20230414_114308-1-scaled.jpg 1920w\" sizes=\"auto, (max-width: 768px) 100vw, 768px\" \/><\/figure>\n<\/div>\n\n\n\n<div class=\"wp-block-column is-layout-flow wp-block-column-is-layout-flow\">\n<figure class=\"wp-block-image size-large\"><img loading=\"lazy\" decoding=\"async\" width=\"768\" height=\"1024\" src=\"http:\/\/blog.grainesdelin.com\/wp-content\/uploads\/2023\/05\/IMG_20230414_114129-768x1024.jpg\" alt=\"\" class=\"wp-image-1638\" srcset=\"https:\/\/blog.grainesdelin.com\/wp-content\/uploads\/2023\/05\/IMG_20230414_114129-768x1024.jpg 768w, https:\/\/blog.grainesdelin.com\/wp-content\/uploads\/2023\/05\/IMG_20230414_114129-225x300.jpg 225w, https:\/\/blog.grainesdelin.com\/wp-content\/uploads\/2023\/05\/IMG_20230414_114129-1152x1536.jpg 1152w, https:\/\/blog.grainesdelin.com\/wp-content\/uploads\/2023\/05\/IMG_20230414_114129-1536x2048.jpg 1536w, https:\/\/blog.grainesdelin.com\/wp-content\/uploads\/2023\/05\/IMG_20230414_114129-45x60.jpg 45w, https:\/\/blog.grainesdelin.com\/wp-content\/uploads\/2023\/05\/IMG_20230414_114129-scaled.jpg 1920w\" sizes=\"auto, (max-width: 768px) 100vw, 768px\" \/><\/figure>\n<\/div>\n<\/div>\n\n\n\n<p>Le r\u00e9sultat est tr\u00e8s color\u00e9 !<\/p>\n\n\n\n<div class=\"wp-block-columns is-layout-flex wp-container-core-columns-is-layout-9d6595d7 wp-block-columns-is-layout-flex\">\n<div class=\"wp-block-column is-layout-flow wp-block-column-is-layout-flow\">\n<figure class=\"wp-block-image size-large\"><img loading=\"lazy\" decoding=\"async\" width=\"768\" height=\"1024\" src=\"http:\/\/blog.grainesdelin.com\/wp-content\/uploads\/2023\/05\/Photo-de-Melanie6-768x1024.jpg\" alt=\"\" class=\"wp-image-1640\" srcset=\"https:\/\/blog.grainesdelin.com\/wp-content\/uploads\/2023\/05\/Photo-de-Melanie6-768x1024.jpg 768w, https:\/\/blog.grainesdelin.com\/wp-content\/uploads\/2023\/05\/Photo-de-Melanie6-225x300.jpg 225w, https:\/\/blog.grainesdelin.com\/wp-content\/uploads\/2023\/05\/Photo-de-Melanie6-1152x1536.jpg 1152w, https:\/\/blog.grainesdelin.com\/wp-content\/uploads\/2023\/05\/Photo-de-Melanie6-45x60.jpg 45w, https:\/\/blog.grainesdelin.com\/wp-content\/uploads\/2023\/05\/Photo-de-Melanie6.jpg 1200w\" sizes=\"auto, (max-width: 768px) 100vw, 768px\" \/><\/figure>\n<\/div>\n<\/div>\n","protected":false},"excerpt":{"rendered":"<p>Pendant les vacances de P\u00e2ques, le groupe des 3-6 ans du centre social travaillait sur les couleurs. Ce sont donc des cupcakes Arc en ciel que nous avons pr\u00e9par\u00e9s ! Nous avons commenc\u00e9 par pr\u00e9parer &hellip; <\/p>\n","protected":false},"author":1,"featured_media":1641,"comment_status":"closed","ping_status":"closed","sticky":false,"template":"","format":"standard","meta":{"footnotes":""},"categories":[30],"tags":[],"class_list":["post-1628","post","type-post","status-publish","format-standard","has-post-thumbnail","hentry","category-ateliers"],"_links":{"self":[{"href":"https:\/\/blog.grainesdelin.com\/index.php\/wp-json\/wp\/v2\/posts\/1628","targetHints":{"allow":["GET"]}}],"collection":[{"href":"https:\/\/blog.grainesdelin.com\/index.php\/wp-json\/wp\/v2\/posts"}],"about":[{"href":"https:\/\/blog.grainesdelin.com\/index.php\/wp-json\/wp\/v2\/types\/post"}],"author":[{"embeddable":true,"href":"https:\/\/blog.grainesdelin.com\/index.php\/wp-json\/wp\/v2\/users\/1"}],"replies":[{"embeddable":true,"href":"https:\/\/blog.grainesdelin.com\/index.php\/wp-json\/wp\/v2\/comments?post=1628"}],"version-history":[{"count":1,"href":"https:\/\/blog.grainesdelin.com\/index.php\/wp-json\/wp\/v2\/posts\/1628\/revisions"}],"predecessor-version":[{"id":1642,"href":"https:\/\/blog.grainesdelin.com\/index.php\/wp-json\/wp\/v2\/posts\/1628\/revisions\/1642"}],"wp:featuredmedia":[{"embeddable":true,"href":"https:\/\/blog.grainesdelin.com\/index.php\/wp-json\/wp\/v2\/media\/1641"}],"wp:attachment":[{"href":"https:\/\/blog.grainesdelin.com\/index.php\/wp-json\/wp\/v2\/media?parent=1628"}],"wp:term":[{"taxonomy":"category","embeddable":true,"href":"https:\/\/blog.grainesdelin.com\/index.php\/wp-json\/wp\/v2\/categories?post=1628"},{"taxonomy":"post_tag","embeddable":true,"href":"https:\/\/blog.grainesdelin.com\/index.php\/wp-json\/wp\/v2\/tags?post=1628"}],"curies":[{"name":"wp","href":"https:\/\/api.w.org\/{rel}","templated":true}]}}