{"id":361,"date":"2022-02-08T22:23:14","date_gmt":"2022-02-08T21:23:14","guid":{"rendered":"http:\/\/grainesdelin.com\/?p=361"},"modified":"2022-06-08T22:33:55","modified_gmt":"2022-06-08T20:33:55","slug":"macaron-au-toblerone","status":"publish","type":"post","link":"https:\/\/blog.grainesdelin.com\/index.php\/2022\/02\/08\/macaron-au-toblerone\/","title":{"rendered":"Macaron au Toblerone"},"content":{"rendered":"\n<p>Une petite touche gourmande avec ce macaron ! Surprenez vos invit\u00e9s !\u00a0<br><br>Co\u00fbt :\u00a0\u00e9lev\u00e9<br>Difficult\u00e9 :\u00a0\u00e9lev\u00e9e<br>Temps de pr\u00e9paration : 20mn<br>Temps de pause : 20mn + pr\u00e9voir 2h avant la d\u00e9gustation<br>Temps de cuisson : 10mn par fourn\u00e9e<\/p>\n\n\n\n<h2 class=\"wp-block-heading\">Ingr\u00e9dients<\/h2>\n\n\n\n<p><strong>Recette pour 30 macarons<\/strong><\/p>\n\n\n\n<p>1 recette de p\u00e2te \u00e0 macarons (<a href=\"http:\/\/grainesdelin.com\/index.php\/2022\/06\/05\/la-pate-a-macarons\/\">lien ici<\/a>)<br>Colorant alimentaire orange\u00a0pour la coque<\/p>\n\n\n\n<p>Ganache :<br>120g de Toblerone<br>80g de beurre<br>45g de cr\u00e8me<\/p>\n\n\n\n<h2 class=\"wp-block-heading\">Recette<\/h2>\n\n\n\n<p><br>Commencez par faire les coques en suivant\u00a0<a href=\"http:\/\/grainesdelin.com\/index.php\/2022\/06\/05\/la-pate-a-macarons\/\">ce lien<\/a>. N&rsquo;oubliez pas les gouttes de colorants orange (\u00e0 mettre apr\u00e8s avoir fait la meringue, voir vid\u00e9o)<\/p>\n\n\n\n<p>Faites fondre \u00e0 feu doux (ou au micro-onde) le&nbsp;Toblerone cass\u00e9 en morceaux, retirez du feu et ajoutez&nbsp;la cr\u00e8me et le beurre. Bien m\u00e9langer et lisser. Laissez refroidir au frigo 10mn.<\/p>\n\n\n\n<p>A la sortie du four, laissez refroidir les plaques quelques minutes, puis d\u00e9collez les macarons.<\/p>\n\n\n\n<p>Collez les coques de macarons deux \u00e0 deux avec une noix de ganache au Toblerone.<\/p>\n\n\n\n<p>Entreposer au frigo plusieurs heures avant la d\u00e9gustation.&nbsp;<\/p>\n","protected":false},"excerpt":{"rendered":"<p>Une petite touche gourmande avec ce macaron ! Surprenez vos invit\u00e9s !\u00a0 Co\u00fbt :\u00a0\u00e9lev\u00e9Difficult\u00e9 :\u00a0\u00e9lev\u00e9eTemps de pr\u00e9paration : 20mnTemps de pause : 20mn + pr\u00e9voir 2h avant la d\u00e9gustationTemps de cuisson : 10mn par fourn\u00e9e &hellip; <\/p>\n","protected":false},"author":1,"featured_media":362,"comment_status":"closed","ping_status":"closed","sticky":false,"template":"","format":"standard","meta":{"footnotes":""},"categories":[6],"tags":[],"class_list":["post-361","post","type-post","status-publish","format-standard","has-post-thumbnail","hentry","category-macarons"],"_links":{"self":[{"href":"https:\/\/blog.grainesdelin.com\/index.php\/wp-json\/wp\/v2\/posts\/361","targetHints":{"allow":["GET"]}}],"collection":[{"href":"https:\/\/blog.grainesdelin.com\/index.php\/wp-json\/wp\/v2\/posts"}],"about":[{"href":"https:\/\/blog.grainesdelin.com\/index.php\/wp-json\/wp\/v2\/types\/post"}],"author":[{"embeddable":true,"href":"https:\/\/blog.grainesdelin.com\/index.php\/wp-json\/wp\/v2\/users\/1"}],"replies":[{"embeddable":true,"href":"https:\/\/blog.grainesdelin.com\/index.php\/wp-json\/wp\/v2\/comments?post=361"}],"version-history":[{"count":1,"href":"https:\/\/blog.grainesdelin.com\/index.php\/wp-json\/wp\/v2\/posts\/361\/revisions"}],"predecessor-version":[{"id":363,"href":"https:\/\/blog.grainesdelin.com\/index.php\/wp-json\/wp\/v2\/posts\/361\/revisions\/363"}],"wp:featuredmedia":[{"embeddable":true,"href":"https:\/\/blog.grainesdelin.com\/index.php\/wp-json\/wp\/v2\/media\/362"}],"wp:attachment":[{"href":"https:\/\/blog.grainesdelin.com\/index.php\/wp-json\/wp\/v2\/media?parent=361"}],"wp:term":[{"taxonomy":"category","embeddable":true,"href":"https:\/\/blog.grainesdelin.com\/index.php\/wp-json\/wp\/v2\/categories?post=361"},{"taxonomy":"post_tag","embeddable":true,"href":"https:\/\/blog.grainesdelin.com\/index.php\/wp-json\/wp\/v2\/tags?post=361"}],"curies":[{"name":"wp","href":"https:\/\/api.w.org\/{rel}","templated":true}]}}