{"id":367,"date":"2022-01-08T22:30:47","date_gmt":"2022-01-08T21:30:47","guid":{"rendered":"http:\/\/grainesdelin.com\/?p=367"},"modified":"2022-06-08T22:32:06","modified_gmt":"2022-06-08T20:32:06","slug":"macaron-chocolat-blanc-au-citron-vert","status":"publish","type":"post","link":"https:\/\/blog.grainesdelin.com\/index.php\/2022\/01\/08\/macaron-chocolat-blanc-au-citron-vert\/","title":{"rendered":"Macaron Chocolat Blanc &#038; au Citron Vert"},"content":{"rendered":"\n<p>Co\u00fbt :&nbsp;\u00e9lev\u00e9<br>Difficult\u00e9 :&nbsp;\u00e9lev\u00e9e<br>Temps de pr\u00e9paration : 20mn<br>Temps de pause : 20mn + pr\u00e9voir 2h avant la d\u00e9gustation<br>Temps de cuisson : 10mn par fourn\u00e9e<\/p>\n\n\n\n<h2 class=\"wp-block-heading\">Ingr\u00e9dients<\/h2>\n\n\n\n<p><strong>Recette pour 30 macarons<\/strong><\/p>\n\n\n\n<p>1 recette de p\u00e2te \u00e0 macarons (<a href=\"http:\/\/grainesdelin.com\/index.php\/2022\/06\/05\/la-pate-a-macarons\/\">lien ici<\/a>)<br>Colorant alimentaire vert pour la coque<br>\u00a0<br>Ganache :<br>6 cuill\u00e8res \u00e0 soupe\u00a0de cr\u00e8me liquide<br>300g de chocolat blanc<br>2 citrons verts<br>2 feuilles de g\u00e9latine<\/p>\n\n\n\n<h2 class=\"wp-block-heading\">Recette<\/h2>\n\n\n\n<p>Commencez par faire les coques en suivant\u00a0<a href=\"http:\/\/grainesdelin.com\/index.php\/2022\/06\/05\/la-pate-a-macarons\/\">ce lien<\/a>. N&rsquo;oubliez pas les gouttes de colorant\u00a0vert (\u00e0 mettre apr\u00e8s avoir fait la meringue, voir vid\u00e9o)<\/p>\n\n\n\n<p>Faites tremper la g\u00e9latine dans l&rsquo;eau froide. Faites chauffer la cr\u00e8me et y faire fondre le chocolat blanc. Lorsque votre m\u00e9lange est bien homog\u00e8ne, ajoutez le jus de&nbsp;citron vert.<br><br>Sortez du feu et ajoutez la g\u00e9latine essor\u00e9e.<\/p>\n\n\n\n<p>M\u00e9langez bien et mettez au frigo un petit peu.<\/p>\n\n\n\n<p>Collez vos coques avec une noix de ganache et entreposez au frigo jusqu&rsquo;\u00e0 d\u00e9gustation.\u00a0<\/p>\n","protected":false},"excerpt":{"rendered":"<p>Co\u00fbt :&nbsp;\u00e9lev\u00e9Difficult\u00e9 :&nbsp;\u00e9lev\u00e9eTemps de pr\u00e9paration : 20mnTemps de pause : 20mn + pr\u00e9voir 2h avant la d\u00e9gustationTemps de cuisson : 10mn par fourn\u00e9e Ingr\u00e9dients Recette pour 30 macarons 1 recette de p\u00e2te \u00e0 macarons (lien &hellip; <\/p>\n","protected":false},"author":1,"featured_media":368,"comment_status":"closed","ping_status":"closed","sticky":false,"template":"","format":"standard","meta":{"footnotes":""},"categories":[6],"tags":[],"class_list":["post-367","post","type-post","status-publish","format-standard","has-post-thumbnail","hentry","category-macarons"],"_links":{"self":[{"href":"https:\/\/blog.grainesdelin.com\/index.php\/wp-json\/wp\/v2\/posts\/367","targetHints":{"allow":["GET"]}}],"collection":[{"href":"https:\/\/blog.grainesdelin.com\/index.php\/wp-json\/wp\/v2\/posts"}],"about":[{"href":"https:\/\/blog.grainesdelin.com\/index.php\/wp-json\/wp\/v2\/types\/post"}],"author":[{"embeddable":true,"href":"https:\/\/blog.grainesdelin.com\/index.php\/wp-json\/wp\/v2\/users\/1"}],"replies":[{"embeddable":true,"href":"https:\/\/blog.grainesdelin.com\/index.php\/wp-json\/wp\/v2\/comments?post=367"}],"version-history":[{"count":1,"href":"https:\/\/blog.grainesdelin.com\/index.php\/wp-json\/wp\/v2\/posts\/367\/revisions"}],"predecessor-version":[{"id":369,"href":"https:\/\/blog.grainesdelin.com\/index.php\/wp-json\/wp\/v2\/posts\/367\/revisions\/369"}],"wp:featuredmedia":[{"embeddable":true,"href":"https:\/\/blog.grainesdelin.com\/index.php\/wp-json\/wp\/v2\/media\/368"}],"wp:attachment":[{"href":"https:\/\/blog.grainesdelin.com\/index.php\/wp-json\/wp\/v2\/media?parent=367"}],"wp:term":[{"taxonomy":"category","embeddable":true,"href":"https:\/\/blog.grainesdelin.com\/index.php\/wp-json\/wp\/v2\/categories?post=367"},{"taxonomy":"post_tag","embeddable":true,"href":"https:\/\/blog.grainesdelin.com\/index.php\/wp-json\/wp\/v2\/tags?post=367"}],"curies":[{"name":"wp","href":"https:\/\/api.w.org\/{rel}","templated":true}]}}