{"id":590,"date":"2022-06-21T21:39:09","date_gmt":"2022-06-21T19:39:09","guid":{"rendered":"http:\/\/grainesdelin.com\/?p=590"},"modified":"2022-07-08T23:10:04","modified_gmt":"2022-07-08T21:10:04","slug":"tarte-aux-pommes","status":"publish","type":"post","link":"https:\/\/blog.grainesdelin.com\/index.php\/2022\/06\/21\/tarte-aux-pommes\/","title":{"rendered":"Tarte aux Pommes"},"content":{"rendered":"\n<p>Un grand classique, mais qui pla\u00eet \u00e0 tous les coups !&nbsp;<\/p>\n\n\n\n<p>Co\u00fbt :&nbsp;<img decoding=\"async\" alt=\"Cout\" src=\"http:\/\/pommedamour.e-monsite.com\/medias\/images\/cout.png?fx=r_20_20\">&nbsp;<\/p>\n\n\n\n<p>Difficult\u00e9 :&nbsp;&nbsp;<img decoding=\"async\" alt=\"Toques 1\" src=\"http:\/\/pommedamour.e-monsite.com\/medias\/images\/toques-1.png?fx=r_20_20\">&nbsp;<\/p>\n\n\n\n<p>Temps de pr\u00e9paration : 25mn<\/p>\n\n\n\n<h2 class=\"wp-block-heading\">Ingr\u00e9dients<\/h2>\n\n\n\n<p><strong>Recette pour 1 tarte de 6\/8 personnes<\/strong> <strong>(ou 25 tartelettes)<\/strong><\/p>\n\n\n\n<ul class=\"wp-block-list\"><li>3 pommes<\/li><li>1 p\u00e2te bris\u00e9e ou feuillet\u00e9e (selon votre go\u00fbt)<\/li><li>5&nbsp;cuill\u00e8res \u00e0 soupe de compote de pommes maison, aromatis\u00e9e \u00e0 la vanille ou \u00e0 la cannelle<\/li><li>2 cuill\u00e8res&nbsp;\u00e0&nbsp;soupe de confiture d&rsquo;abricot<\/li><li>2 cuill\u00e8res&nbsp;\u00e0&nbsp;soupe d&rsquo;eau<\/li><li>Un peu de sucre en poudre<\/li><li>Quelques copeaux de beurre&nbsp;<\/li><\/ul>\n\n\n\n<h2 class=\"wp-block-heading\">Recette<\/h2>\n\n\n\n<p>Etalez la p\u00e2te dans le moule \u00e0 tarte. Versez le contenu de la compote de pommes maison aromatis\u00e9e.<br><br>Faites pr\u00e9chauffer votre four \u00e0 200\u00b0C<br><br>Disposez sur la p\u00e2te, les lamelles de pommes en arc de cercle.<br><br>Saupoudrez un tout petit peu de sucre et d\u00e9posez des copeaux de beurre.<br><br>Enfournez 30mn \u00e0 200\u00b0C puis\u00a0retirez votre tarte du four.<br>\u00a0<br><em>Pr\u00e9parez de nappage<\/em><br><br>Dans une casserole, faites r\u00e9duire\u00a02 cuill\u00e8res\u00a0\u00e0\u00a0soupe de\u00a0confiture d&rsquo;abricot avec\u00a0\u00a02 cuill\u00e8res\u00a0\u00e0\u00a0soupe d&rsquo;eau.<br><br>Avec un pinceau, \u00e9talez sur les pommes et la p\u00e2te.<br><br>C&rsquo;est pr\u00eat!<\/p>\n","protected":false},"excerpt":{"rendered":"<p>Un grand classique, mais qui pla\u00eet \u00e0 tous les coups !&nbsp; Co\u00fbt :&nbsp;&nbsp; Difficult\u00e9 :&nbsp;&nbsp;&nbsp; Temps de pr\u00e9paration : 25mn Ingr\u00e9dients Recette pour 1 tarte de 6\/8 personnes (ou 25 tartelettes) 3 pommes 1 p\u00e2te &hellip; <\/p>\n","protected":false},"author":1,"featured_media":591,"comment_status":"closed","ping_status":"closed","sticky":false,"template":"","format":"standard","meta":{"footnotes":""},"categories":[28],"tags":[],"class_list":["post-590","post","type-post","status-publish","format-standard","has-post-thumbnail","hentry","category-aux-fruits"],"_links":{"self":[{"href":"https:\/\/blog.grainesdelin.com\/index.php\/wp-json\/wp\/v2\/posts\/590","targetHints":{"allow":["GET"]}}],"collection":[{"href":"https:\/\/blog.grainesdelin.com\/index.php\/wp-json\/wp\/v2\/posts"}],"about":[{"href":"https:\/\/blog.grainesdelin.com\/index.php\/wp-json\/wp\/v2\/types\/post"}],"author":[{"embeddable":true,"href":"https:\/\/blog.grainesdelin.com\/index.php\/wp-json\/wp\/v2\/users\/1"}],"replies":[{"embeddable":true,"href":"https:\/\/blog.grainesdelin.com\/index.php\/wp-json\/wp\/v2\/comments?post=590"}],"version-history":[{"count":2,"href":"https:\/\/blog.grainesdelin.com\/index.php\/wp-json\/wp\/v2\/posts\/590\/revisions"}],"predecessor-version":[{"id":788,"href":"https:\/\/blog.grainesdelin.com\/index.php\/wp-json\/wp\/v2\/posts\/590\/revisions\/788"}],"wp:featuredmedia":[{"embeddable":true,"href":"https:\/\/blog.grainesdelin.com\/index.php\/wp-json\/wp\/v2\/media\/591"}],"wp:attachment":[{"href":"https:\/\/blog.grainesdelin.com\/index.php\/wp-json\/wp\/v2\/media?parent=590"}],"wp:term":[{"taxonomy":"category","embeddable":true,"href":"https:\/\/blog.grainesdelin.com\/index.php\/wp-json\/wp\/v2\/categories?post=590"},{"taxonomy":"post_tag","embeddable":true,"href":"https:\/\/blog.grainesdelin.com\/index.php\/wp-json\/wp\/v2\/tags?post=590"}],"curies":[{"name":"wp","href":"https:\/\/api.w.org\/{rel}","templated":true}]}}