{"id":661,"date":"2022-06-23T22:14:02","date_gmt":"2022-06-23T20:14:02","guid":{"rendered":"http:\/\/grainesdelin.com\/?p=661"},"modified":"2022-07-11T22:15:38","modified_gmt":"2022-07-11T20:15:38","slug":"tartelettes-poire-amande","status":"publish","type":"post","link":"https:\/\/blog.grainesdelin.com\/index.php\/2022\/06\/23\/tartelettes-poire-amande\/","title":{"rendered":"Tartelettes Poire Amande"},"content":{"rendered":"\n<p>Quel d\u00e9lice ces tartes poire amande &nbsp;(ou tarte bourdalou) ! Compos\u00e9e d&rsquo;une p\u00e2te sabl\u00e9e, d&rsquo;une cr\u00e8me p\u00e2tissi\u00e8re, de poires et d&rsquo;un nappage abricot (facultatif).&nbsp;Une tarte qui sent bon l&rsquo;\u00e9t\u00e9 !<\/p>\n\n\n\n<p>Co\u00fbt :\u00a0 <strong>\u2605<\/strong>  <strong>\u2605<\/strong>\u00a0<\/p>\n\n\n\n<p>Difficult\u00e9 :\u00a0\u00a0<strong>\u2605<\/strong>  <strong>\u2605<\/strong>\u00a0<\/p>\n\n\n\n<p>Temps de pr\u00e9paration : 1h30<\/p>\n\n\n\n<h2 class=\"wp-block-heading\">Ingr\u00e9dients<\/h2>\n\n\n\n<p><strong>Recette pour 1 tarte de 6\/8 personnes<\/strong><\/p>\n\n\n\n<ul class=\"wp-block-list\"><li>Recette pour une p\u00e2te sabl\u00e9e (cliquez <a href=\"http:\/\/grainesdelin.com\/index.php\/2022\/06\/15\/pate-sablee\/\" data-type=\"URL\" data-id=\"http:\/\/grainesdelin.com\/index.php\/2022\/06\/15\/pate-sablee\/\" target=\"_blank\" rel=\"noreferrer noopener\">ici<\/a><a href=\"http:\/\/www.pommedamouretcompagnie.com\/pages\/les-bases-pour-commencer\/pate.html\">)<\/a><\/li><li>Recette pour 500g de cr\u00e8me d&rsquo;amande&nbsp;(cliquez <a href=\"http:\/\/grainesdelin.com\/index.php\/2022\/06\/08\/creme-damande\/\" data-type=\"URL\" data-id=\"http:\/\/grainesdelin.com\/index.php\/2022\/06\/08\/creme-damande\/\" target=\"_blank\" rel=\"noreferrer noopener\">ici<\/a>)<\/li><li>5 poires fra\u00eeches ou au sirop<\/li><li>3 cs de nappage \u00e0 l&rsquo;abricot<\/li><\/ul>\n\n\n\n<figure class=\"wp-block-image\"><img decoding=\"async\" src=\"http:\/\/www.pommesdamouretcompagnie.com\/medias\/images\/dscn6621.jpg?fx=r_400_317\" alt=\"Dscn6621\"\/><\/figure>\n\n\n\n<h2 class=\"wp-block-heading\">Recette<\/h2>\n\n\n\n<p>R\u00e9alisez la p\u00e2te sabl\u00e9e&nbsp;(cliquez <a href=\"http:\/\/grainesdelin.com\/index.php\/2022\/06\/15\/pate-sablee\/\" data-type=\"URL\" data-id=\"http:\/\/grainesdelin.com\/index.php\/2022\/06\/15\/pate-sablee\/\" target=\"_blank\" rel=\"noreferrer noopener\">ici<\/a><a href=\"http:\/\/www.pommedamouretcompagnie.com\/pages\/les-bases-pour-commencer\/pate.html\">)<\/a>&nbsp;<\/p>\n\n\n\n<p>R\u00e9alisez la cr\u00e8me d&rsquo;amande&nbsp;(cliquez <a href=\"http:\/\/grainesdelin.com\/index.php\/2022\/06\/08\/creme-damande\/\" data-type=\"URL\" data-id=\"http:\/\/grainesdelin.com\/index.php\/2022\/06\/08\/creme-damande\/\" target=\"_blank\" rel=\"noreferrer noopener\">ici<\/a>).&nbsp;<\/p>\n\n\n\n<p>Garnissez votre fonds de tarte avec la cr\u00e8me p\u00e2tissi\u00e8re.&nbsp;<\/p>\n\n\n\n<figure class=\"wp-block-image\"><img decoding=\"async\" src=\"http:\/\/www.pommesdamouretcompagnie.com\/medias\/images\/dscn6614-1.jpg?fx=r_400_317\" alt=\"Dscn6614 1\"\/><\/figure>\n\n\n\n<p>Posez quelques morceaux de poires puis cuisez vos fonds de tartes \u00e0 180\u00b0C pendant 20mn environ, votre p\u00e2te doit \u00eatre bien dor\u00e9e. Laissez refroidir ensuite.\u00a0<\/p>\n\n\n\n<figure class=\"wp-block-image\"><img decoding=\"async\" src=\"http:\/\/www.pommesdamouretcompagnie.com\/medias\/images\/dscn6617.jpg?fx=r_400_317\" alt=\"Dscn6617\"\/><\/figure>\n\n\n\n<p>Il ne vous reste plus qu&rsquo;\u00e0 napper vos tartelettes : faites fondre \u00e0 feu moyen le nappage abricot avec un peu d&rsquo;eau.&nbsp;<\/p>\n\n\n\n<figure class=\"wp-block-image is-resized\"><img loading=\"lazy\" decoding=\"async\" src=\"http:\/\/www.pommesdamouretcompagnie.com\/medias\/images\/1-2.png\" alt=\"1 2\" width=\"389\" height=\"292\"\/><\/figure>\n\n\n\n<figure class=\"wp-block-image is-resized\"><img loading=\"lazy\" decoding=\"async\" src=\"http:\/\/www.pommesdamouretcompagnie.com\/medias\/images\/2-2.png\" alt=\"2 2\" width=\"387\" height=\"290\"\/><\/figure>\n\n\n\n<p>Une fois qu&rsquo;il n&rsquo;y a plus de morceaux, nappez vos tartelettes avec un pinceau<\/p>\n\n\n\n<figure class=\"wp-block-image\"><img decoding=\"async\" src=\"http:\/\/www.pommesdamouretcompagnie.com\/medias\/images\/dscn6806-1.jpg?fx=r_400_317\" alt=\"Dscn6806 1\"\/><\/figure>\n\n\n\n<h2 class=\"wp-block-heading\">La recette en vid\u00e9o !<\/h2>\n\n\n\n<p>tartelette poire amande<\/p>\n\n\n\n<figure class=\"wp-block-embed is-type-rich is-provider-prise-en-charge-des-contenus-embarques wp-block-embed-prise-en-charge-des-contenus-embarques wp-embed-aspect-4-3 wp-has-aspect-ratio\"><div class=\"wp-block-embed__wrapper\">\n<iframe loading=\"lazy\" title=\"tartelette poire amande\" width=\"925\" height=\"694\" src=\"https:\/\/www.youtube.com\/embed\/eJQFn96hYno?feature=oembed\" frameborder=\"0\" allow=\"accelerometer; autoplay; clipboard-write; encrypted-media; gyroscope; picture-in-picture; web-share\" referrerpolicy=\"strict-origin-when-cross-origin\" allowfullscreen><\/iframe>\n<\/div><\/figure>\n","protected":false},"excerpt":{"rendered":"<p>Quel d\u00e9lice ces tartes poire amande &nbsp;(ou tarte bourdalou) ! Compos\u00e9e d&rsquo;une p\u00e2te sabl\u00e9e, d&rsquo;une cr\u00e8me p\u00e2tissi\u00e8re, de poires et d&rsquo;un nappage abricot (facultatif).&nbsp;Une tarte qui sent bon l&rsquo;\u00e9t\u00e9 ! Co\u00fbt :\u00a0 \u2605 \u2605\u00a0 Difficult\u00e9 &hellip; <\/p>\n","protected":false},"author":1,"featured_media":663,"comment_status":"closed","ping_status":"closed","sticky":false,"template":"","format":"standard","meta":{"footnotes":""},"categories":[23],"tags":[],"class_list":["post-661","post","type-post","status-publish","format-standard","has-post-thumbnail","hentry","category-tartelettes"],"_links":{"self":[{"href":"https:\/\/blog.grainesdelin.com\/index.php\/wp-json\/wp\/v2\/posts\/661","targetHints":{"allow":["GET"]}}],"collection":[{"href":"https:\/\/blog.grainesdelin.com\/index.php\/wp-json\/wp\/v2\/posts"}],"about":[{"href":"https:\/\/blog.grainesdelin.com\/index.php\/wp-json\/wp\/v2\/types\/post"}],"author":[{"embeddable":true,"href":"https:\/\/blog.grainesdelin.com\/index.php\/wp-json\/wp\/v2\/users\/1"}],"replies":[{"embeddable":true,"href":"https:\/\/blog.grainesdelin.com\/index.php\/wp-json\/wp\/v2\/comments?post=661"}],"version-history":[{"count":3,"href":"https:\/\/blog.grainesdelin.com\/index.php\/wp-json\/wp\/v2\/posts\/661\/revisions"}],"predecessor-version":[{"id":1724,"href":"https:\/\/blog.grainesdelin.com\/index.php\/wp-json\/wp\/v2\/posts\/661\/revisions\/1724"}],"wp:featuredmedia":[{"embeddable":true,"href":"https:\/\/blog.grainesdelin.com\/index.php\/wp-json\/wp\/v2\/media\/663"}],"wp:attachment":[{"href":"https:\/\/blog.grainesdelin.com\/index.php\/wp-json\/wp\/v2\/media?parent=661"}],"wp:term":[{"taxonomy":"category","embeddable":true,"href":"https:\/\/blog.grainesdelin.com\/index.php\/wp-json\/wp\/v2\/categories?post=661"},{"taxonomy":"post_tag","embeddable":true,"href":"https:\/\/blog.grainesdelin.com\/index.php\/wp-json\/wp\/v2\/tags?post=661"}],"curies":[{"name":"wp","href":"https:\/\/api.w.org\/{rel}","templated":true}]}}